{"id":2770,"date":"2025-04-04T15:39:17","date_gmt":"2025-04-04T15:39:17","guid":{"rendered":"https:\/\/weraso.com\/?p=2770"},"modified":"2025-04-04T15:43:49","modified_gmt":"2025-04-04T15:43:49","slug":"8-duvodu-proc-zvolit-do-loznice-nabytek-na-miru","status":"publish","type":"post","link":"https:\/\/test.weraso.com\/cz\/8-duvodu-proc-zvolit-do-loznice-nabytek-na-miru\/","title":{"rendered":"8 d\u016fvod\u016f, pro\u010d zvolit do lo\u017enice n\u00e1bytek na m\u00edru"},"content":{"rendered":"<p>Za\u0159izov\u00e1n\u00ed lo\u017enice nen\u00ed jen ot\u00e1zkou designu \u2013 p\u0159edev\u0161\u00edm jde o pohodl\u00ed, prakti\u010dnost a vyu\u017eit\u00ed ka\u017ed\u00e9ho centimetru prostoru. B\u011b\u017en\u00fd n\u00e1bytek z obchodn\u00edch \u0159et\u011bzc\u016f \u010dasto nedok\u00e1\u017ee splnit v\u0161echny tyto po\u017eadavky. N\u00e1bytek na m\u00edru, kter\u00fd nab\u00edz\u00edme i ve <strong>Weraso<\/strong>, p\u0159edstavuje \u0159e\u0161en\u00ed, kter\u00e9 se p\u0159izp\u016fsob\u00ed va\u0161emu prostoru i stylu. Pro\u010d se do n\u011bj vyplat\u00ed investovat? Zde je 8 d\u016fvod\u016f, pro\u010d zvolit do lo\u017enice n\u00e1bytek na m\u00edru.<\/p>\n<h2>N\u00e1bytek na m\u00edru \u2013 ide\u00e1ln\u00ed \u0159e\u0161en\u00ed bez kompromis\u016f<\/h2>\n<p>P\u0159i za\u0159izov\u00e1n\u00ed lo\u017enice \u010dasto stoj\u00edme p\u0159ed rozhodnut\u00edm \u2013 vybrat s\u00e9riov\u011b vyr\u00e1b\u011bn\u00fd n\u00e1bytek nebo investovat do individu\u00e1ln\u00edho \u0159e\u0161en\u00ed? Zat\u00edmco hotov\u00e9 kusy mohou l\u00e1kat ni\u017e\u0161\u00ed cenou a rychlou dostupnost\u00ed, <a href=\"https:\/\/test.weraso.com\/cz\/sluzby\/vyroba-nabytku-na-miru\/\"><strong>n\u00e1bytek na m\u00edru<\/strong><\/a> nab\u00edz\u00ed mnohem v\u00edce v\u00fdhod, kter\u00e9 ocen\u00edte zejm\u00e9na p\u0159i ka\u017edodenn\u00edm pou\u017e\u00edv\u00e1n\u00ed. Lo\u017enice je m\u00edstem, kde bychom nem\u011bli d\u011blat kompromisy. Tr\u00e1v\u00edme v n\u00ed velkou \u010d\u00e1st \u017eivota, a proto by m\u011bla co nejl\u00e9pe odpov\u00eddat na\u0161im pot\u0159eb\u00e1m, vkusu i \u017eivotn\u00edmu stylu.<\/p>\n<p><img loading=\"lazy\" decoding=\"async\" class=\"alignnone wp-image-2755 size-full\" src=\"https:\/\/test.weraso.com\/wp-content\/uploads\/2025\/04\/modern-bedroom-interior-design-with-decoration-room-japan-1.jpg\" alt=\"n\u00e1bytok na mieru\" width=\"1200\" height=\"631\" srcset=\"https:\/\/test.weraso.com\/wp-content\/uploads\/2025\/04\/modern-bedroom-interior-design-with-decoration-room-japan-1.jpg 1200w, https:\/\/test.weraso.com\/wp-content\/uploads\/2025\/04\/modern-bedroom-interior-design-with-decoration-room-japan-1-300x158.jpg 300w, https:\/\/test.weraso.com\/wp-content\/uploads\/2025\/04\/modern-bedroom-interior-design-with-decoration-room-japan-1-1024x538.jpg 1024w, https:\/\/test.weraso.com\/wp-content\/uploads\/2025\/04\/modern-bedroom-interior-design-with-decoration-room-japan-1-768x404.jpg 768w, https:\/\/test.weraso.com\/wp-content\/uploads\/2025\/04\/modern-bedroom-interior-design-with-decoration-room-japan-1-600x316.jpg 600w\" sizes=\"auto, (max-width: 1200px) 100vw, 1200px\" \/><\/p>\n<h3>Maxim\u00e1ln\u00ed vyu\u017eit\u00ed prostoru v lo\u017enici<\/h3>\n<p>Ne ka\u017ed\u00e1 lo\u017enice m\u00e1 ide\u00e1ln\u00ed tvar \u010di velikost. U b\u011b\u017en\u00e9ho n\u00e1bytku \u010dasto vznikaj\u00ed nevyu\u017eit\u00e9 kouty nebo pr\u00e1zdn\u00e1 m\u00edsta, kter\u00e1 by se dala prakticky zaplnit. N\u00e1bytek na m\u00edru se p\u0159izp\u016fsob\u00ed ka\u017ed\u00e9mu prostoru \u2013 a\u0165 u\u017e jde o \u00fazk\u00fd pokoj, podkrov\u00ed se \u0161ikminami nebo mal\u00fd byt. D\u00edky tomu z\u00edsk\u00e1te v\u00edce \u00falo\u017en\u00e9ho prostoru bez zbyte\u010dn\u00e9ho pl\u00fdtv\u00e1n\u00ed m\u00edstem.<\/p>\n<h3>Dokonal\u00e9 slad\u011bn\u00ed se stylem interi\u00e9ru<\/h3>\n<p>Ka\u017ed\u00fd m\u00e1me jin\u00fd vkus \u2013 n\u011bkdo up\u0159ednost\u0148uje modern\u00ed minimalismus, jin\u00fd rustik\u00e1ln\u00ed nebo skandin\u00e1vsk\u00fd styl. V\u00fdhodou n\u00e1bytku na m\u00edru je mo\u017enost volby materi\u00e1l\u016f, barev i dekor\u016f p\u0159esn\u011b podle va\u0161ich p\u0159edstav. Ve <strong>Weraso<\/strong> spolupracujeme se z\u00e1kazn\u00edky ji\u017e od prvn\u00edho n\u00e1vrhu, tak\u017ee v\u00fdsledn\u00e1 lo\u017enice lad\u00ed s ostatn\u00edm interi\u00e9rem a z\u00e1rove\u0148 odr\u00e1\u017e\u00ed va\u0161i osobnost.<\/p>\n<h3>Kvalita, kter\u00e1 vydr\u017e\u00ed roky<\/h3>\n<p>P\u0159i v\u00fdb\u011bru lo\u017enicov\u00e9ho n\u00e1bytku je d\u016fle\u017eit\u00e1 nejen estetika, ale tak\u00e9 dlouh\u00e1 \u017eivotnost. Ve Weraso klademe d\u016fraz na precizn\u00ed zpracov\u00e1n\u00ed, v\u00fdb\u011br kvalitn\u00edch materi\u00e1l\u016f a poctiv\u00e9 \u0159emeslo. D\u00edky tomu z\u00edsk\u00e1te n\u00e1bytek, kter\u00fd v\u00e1m bude slou\u017eit po mnoho let i p\u0159i ka\u017edodenn\u00edm pou\u017e\u00edv\u00e1n\u00ed.<\/p>\n<p><strong>Funk\u010dnost podle va\u0161ich pot\u0159eb<\/strong><\/p>\n<p>Ka\u017ed\u00fd z n\u00e1s m\u00e1 jin\u00e9 n\u00e1roky. N\u011bkdo pot\u0159ebuje spoustu \u00falo\u017en\u00e9ho prostoru, jin\u00fd preferuje vzdu\u0161n\u011bj\u0161\u00ed a minimalistick\u00e9 \u0159e\u0161en\u00ed. <a href=\"https:\/\/test.weraso.com\/cz\/\"><strong>N\u00e1bytek na m\u00edru<\/strong><\/a> umo\u017e\u0148uje vytvo\u0159it p\u0159esn\u011b to, co pot\u0159ebujete \u2013 a\u0165 u\u017e jde o postel se z\u00e1suvkami, vestav\u011bnou sk\u0159\u00ed\u0148 s organiz\u00e9rem na \u0161perky nebo no\u010dn\u00ed stolek s bezdr\u00e1tov\u00fdm nab\u00edjen\u00edm. Weraso um\u00ed realizovat i ty nejkonkr\u00e9tn\u011bj\u0161\u00ed po\u017eadavky.<\/p>\n<h3>Ergonomie bez kompromis\u016f<\/h3>\n<p>V\u00fd\u0161ka postele, \u0161\u00ed\u0159ka sk\u0159\u00edn\u011b, rozm\u00edst\u011bn\u00ed polic \u2013 to v\u0161e ovliv\u0148uje v\u00e1\u0161 komfort i zdrav\u00ed. N\u00e1bytek na m\u00edru se p\u0159izp\u016fsob\u00ed nejen prostoru, ale i v\u00e1m \u2013 va\u0161\u00ed v\u00fd\u0161ce, n\u00e1vyk\u016fm i \u017eivotn\u00edmu stylu. Va\u0161e lo\u017enice tak bude nejen kr\u00e1sn\u00e1, ale i praktick\u00e1 a pohodln\u00e1.<\/p>\n<h3>Lep\u0161\u00ed \u0159e\u0161en\u00ed pro mal\u00e9 i velk\u00e9 prostory<\/h3>\n<p>Za\u0159izujete garsonku nebo prostorn\u00fd d\u016fm? N\u00e1bytek na m\u00edru je ide\u00e1ln\u00ed v obou p\u0159\u00edpadech. V mal\u00fdch m\u00edstnostech pom\u00e1h\u00e1 vyu\u017e\u00edt ka\u017ed\u00fd centimetr, ve velk\u00fdch naopak efektivn\u011b rozd\u011bluje prostor a vytv\u00e1\u0159\u00ed funk\u010dn\u00ed z\u00f3ny. D\u00edky odborn\u00e9mu p\u0159\u00edstupu t\u00fdmu Weraso vznikne \u0159e\u0161en\u00ed \u201eu\u0161it\u00e9 na m\u00edru\u201c va\u0161im pot\u0159eb\u00e1m.<\/p>\n<h3>Unik\u00e1tn\u00ed design, kter\u00fd nikdo jin\u00fd nem\u00e1<\/h3>\n<p>S n\u00e1bytkem na m\u00edru se nemus\u00edte b\u00e1t, \u017ee va\u0161e lo\u017enice bude vypadat stejn\u011b jako ta u soused\u016f. Ka\u017ed\u00fd kus je origin\u00e1l vytvo\u0159en\u00fd podle va\u0161ich p\u0159\u00e1n\u00ed. M\u016f\u017eete si zvolit detaily jako \u00fachytky, typy dv\u00ed\u0159ek, sklen\u011bn\u00e9 v\u00fdpln\u011b \u010di LED podsv\u00edcen\u00ed. Weraso nab\u00edz\u00ed kompletn\u00ed \u0159e\u0161en\u00ed \u2013 od n\u00e1vrhu a\u017e po profesion\u00e1ln\u00ed mont\u00e1\u017e.<\/p>\n<h3>Osobn\u00ed p\u0159\u00edstup a podpora lok\u00e1ln\u00ed v\u00fdroby<\/h3>\n<p>Na rozd\u00edl od velk\u00fdch \u0159et\u011bzc\u016f, kde jste jen \u010d\u00edslem v syst\u00e9mu, v\u00e1m ve Weraso v\u011bnujeme \u010das, individu\u00e1ln\u00ed poradenstv\u00ed a \u0159e\u0161en\u00ed na m\u00edru. Nav\u00edc podpo\u0159\u00edte slovensk\u00e9ho v\u00fdrobce, kter\u00fd si zakl\u00e1d\u00e1 na poctiv\u00e9 \u0159emesln\u00e9 pr\u00e1ci a odpov\u011bdn\u00e9m p\u0159\u00edstupu k v\u00fdrob\u011b.<\/p>\n<p><img loading=\"lazy\" decoding=\"async\" class=\"alignnone wp-image-2760 size-full\" src=\"https:\/\/test.weraso.com\/wp-content\/uploads\/2025\/04\/modern-bedroom-interior-design-with-decoration-room-japan.jpg\" alt=\"n\u00e1bytok na mieru\" width=\"1200\" height=\"632\" srcset=\"https:\/\/test.weraso.com\/wp-content\/uploads\/2025\/04\/modern-bedroom-interior-design-with-decoration-room-japan.jpg 1200w, https:\/\/test.weraso.com\/wp-content\/uploads\/2025\/04\/modern-bedroom-interior-design-with-decoration-room-japan-300x158.jpg 300w, https:\/\/test.weraso.com\/wp-content\/uploads\/2025\/04\/modern-bedroom-interior-design-with-decoration-room-japan-1024x539.jpg 1024w, https:\/\/test.weraso.com\/wp-content\/uploads\/2025\/04\/modern-bedroom-interior-design-with-decoration-room-japan-768x404.jpg 768w, https:\/\/test.weraso.com\/wp-content\/uploads\/2025\/04\/modern-bedroom-interior-design-with-decoration-room-japan-600x316.jpg 600w\" sizes=\"auto, (max-width: 1200px) 100vw, 1200px\" \/><\/p>\n<h2>N\u00e1bytek na m\u00edru od Weraso \u2013 vytvo\u0159te si lo\u017enici sv\u00fdch sn\u016f<\/h2>\n<p>Lo\u017enice je jedn\u00edm z nejd\u016fle\u017eit\u011bj\u0161\u00edch m\u00edst v dom\u00e1cnosti. M\u00edsto, kde odpo\u010d\u00edv\u00e1te, regenerujete a za\u010d\u00edn\u00e1te ka\u017ed\u00fd nov\u00fd den. Proto by m\u011bla b\u00fdt nejen esteticky p\u0159\u00edjemn\u00e1, ale hlavn\u011b funk\u010dn\u00ed a p\u0159izp\u016fsoben\u00e1 va\u0161im pot\u0159eb\u00e1m. <a href=\"https:\/\/test.weraso.com\/cz\/kontakt\/\"><strong>N\u00e1bytek na m\u00edru<\/strong><\/a><strong> od<\/strong> <strong>Weraso<\/strong> v\u00e1m umo\u017en\u00ed vytvo\u0159it lo\u017enici, kter\u00e1 bude odrazem va\u0161eho vkusu, \u017eivotn\u00edho stylu i praktick\u00fdch po\u017eadavk\u016f. Pokud tou\u017e\u00edte po nad\u010dasov\u00e9m a kvalitn\u00edm \u0159e\u0161en\u00ed, je ten prav\u00fd \u010das zvolit Weraso. V p\u0159\u00edpad\u011b z\u00e1jmu o n\u00e1bytek na m\u00edru n\u00e1s nev\u00e1hejte kontaktovat.<\/p>\n","protected":false},"excerpt":{"rendered":"<p>Za\u0159izov\u00e1n\u00ed lo\u017enice nen\u00ed jen ot\u00e1zkou designu \u2013 p\u0159edev\u0161\u00edm jde o pohodl\u00ed, prakti\u010dnost a vyu\u017eit\u00ed ka\u017ed\u00e9ho centimetru prostoru. B\u011b\u017en\u00fd n\u00e1bytek z obchodn\u00edch \u0159et\u011bzc\u016f \u010dasto nedok\u00e1\u017ee splnit v\u0161echny tyto po\u017eadavky. N\u00e1bytek na m\u00edru, kter\u00fd nab\u00edz\u00edme i ve Weraso, p\u0159edstavuje \u0159e\u0161en\u00ed, kter\u00e9 se p\u0159izp\u016fsob\u00ed va\u0161emu prostoru i stylu. Pro\u010d se do n\u011bj vyplat\u00ed investovat? Zde je 8 d\u016fvod\u016f,&hellip;<\/p>\n","protected":false},"author":6,"featured_media":2909,"comment_status":"closed","ping_status":"closed","sticky":false,"template":"","format":"standard","meta":{"inline_featured_image":false,"footnotes":""},"categories":[78],"tags":[],"class_list":["post-2770","post","type-post","status-publish","format-standard","has-post-thumbnail","hentry","category-uncategorized-cz"],"aioseo_notices":[],"meta_box":{"heading-text":false,"heading-tag":false,"heading-has-text":false,"heading-description":false,"heading-has-button":false,"heading-buttons":[],"heading-description-position":false,"heading-advanced":[],"button-group-layout":false,"button-group-align":false,"button-group-button":[],"collapsible-title":false,"collapsible-tag":false,"collapsible-text":false,"collapsible-button":false,"collapsible-button-text":false,"collapsible-content":false,"collapsible-items":false,"collapsible-opened":false,"collapsible-layout":false,"gallery-drag-button":false,"gallery-images":false,"gallery-first-image":false,"home-banner-slides":[],"home-banner-primary-color":false,"home-banner-secondary-color":false,"image-image":false,"image-alt":false,"image-aspect-ratio":[],"image-aspect-ratio-mobile":[],"image-type":false,"image-show-alt":false,"image-image-layered":false,"image-icon":false,"image-icon-width":false,"image-icon-height":false,"image-image-picker":[],"image-padding-top":false,"image-padding-bottom":false,"key-value-rows":[],"key-value-size":false,"key-value-padding-top":false,"key-value-padding-bottom":false,"media-content-align":false,"media-content-width":false,"media-content-position":false,"media-content-position-mobile":false,"media-content-overflow":false,"media-content-media-type":false,"media-content-image":[],"media-content-video":[],"video-type":false,"video-video":[],"video-youtube":[],"video-description":false,"post-intro-tag":false,"post-intro-text":false,"prefooter-color-first":false,"prefooter-color-second":false,"strip-type":false,"strip-image":false,"strip-video":false,"strip-video-thumbnail":false,"strip-text-over":false,"strip-image-over":false,"text-block-text":false,"text-block-columns":false,"text-block-size":false,"text-block-padding-top":false,"text-block-padding-bottom":false,"post-metabox-hero":[],"post-metabox-city":"Bratislava","post-metabox-source":"","post-metabox-photo-credit":"","post-metabox-thumbnail-source":"","page-template-top-desc":""},"_links":{"self":[{"href":"https:\/\/test.weraso.com\/cz\/wp-json\/wp\/v2\/posts\/2770","targetHints":{"allow":["GET"]}}],"collection":[{"href":"https:\/\/test.weraso.com\/cz\/wp-json\/wp\/v2\/posts"}],"about":[{"href":"https:\/\/test.weraso.com\/cz\/wp-json\/wp\/v2\/types\/post"}],"author":[{"embeddable":true,"href":"https:\/\/test.weraso.com\/cz\/wp-json\/wp\/v2\/users\/6"}],"replies":[{"embeddable":true,"href":"https:\/\/test.weraso.com\/cz\/wp-json\/wp\/v2\/comments?post=2770"}],"version-history":[{"count":1,"href":"https:\/\/test.weraso.com\/cz\/wp-json\/wp\/v2\/posts\/2770\/revisions"}],"predecessor-version":[{"id":2771,"href":"https:\/\/test.weraso.com\/cz\/wp-json\/wp\/v2\/posts\/2770\/revisions\/2771"}],"wp:featuredmedia":[{"embeddable":true,"href":"https:\/\/test.weraso.com\/cz\/wp-json\/wp\/v2\/media\/2909"}],"wp:attachment":[{"href":"https:\/\/test.weraso.com\/cz\/wp-json\/wp\/v2\/media?parent=2770"}],"wp:term":[{"taxonomy":"category","embeddable":true,"href":"https:\/\/test.weraso.com\/cz\/wp-json\/wp\/v2\/categories?post=2770"},{"taxonomy":"post_tag","embeddable":true,"href":"https:\/\/test.weraso.com\/cz\/wp-json\/wp\/v2\/tags?post=2770"}],"curies":[{"name":"wp","href":"https:\/\/api.w.org\/{rel}","templated":true}]}}